{"id":365,"date":"2017-03-23T10:38:01","date_gmt":"2017-03-23T09:38:01","guid":{"rendered":"http:\/\/www.label-horizon.fr\/cabotte-test\/wordpress\/?p=365"},"modified":"2021-10-01T13:21:45","modified_gmt":"2021-10-01T11:21:45","slug":"revue-des-vins-de-france-garance-2017","status":"publish","type":"post","link":"http:\/\/www.label-horizon.fr\/cabotte-test\/wordpress\/2017\/03\/23\/revue-des-vins-de-france-garance-2017\/","title":{"rendered":"Revue des vins de France Garance 2017"},"content":{"rendered":"\t\t<div data-elementor-type=\"wp-post\" data-elementor-id=\"365\" class=\"elementor elementor-365\" data-elementor-settings=\"[]\">\n\t\t\t\t\t\t\t<div class=\"elementor-section-wrap\">\n\t\t\t\t\t\t\t<section data-particle_enable=\"false\" data-particle-mobile-disabled=\"false\" class=\"elementor-section elementor-top-section elementor-element elementor-element-1968f1d elementor-section-full_width elementor-section-height-min-height elementor-section-stretched elementor-section-height-default elementor-section-items-middle exad-glass-effect-no exad-sticky-section-no\" data-id=\"1968f1d\" data-element_type=\"section\" data-settings=\"{&quot;stretch_section&quot;:&quot;section-stretched&quot;,&quot;background_background&quot;:&quot;classic&quot;,&quot;shape_divider_top&quot;:&quot;triangle-asymmetrical&quot;,&quot;shape_divider_bottom&quot;:&quot;triangle-asymmetrical&quot;,&quot;shape_divider_bottom_negative&quot;:&quot;yes&quot;,&quot;animation&quot;:&quot;none&quot;}\">\n\t\t\t\t\t\t\t<div class=\"elementor-background-overlay\"><\/div>\n\t\t\t\t\t\t<div class=\"elementor-shape elementor-shape-top\" data-negative=\"false\">\n\t\t\t<svg xmlns=\"http:\/\/www.w3.org\/2000\/svg\" viewBox=\"0 0 1000 100\" preserveAspectRatio=\"none\">\n\t<path class=\"elementor-shape-fill\" d=\"M738,99l262-93V0H0v5.6L738,99z\"\/>\n<\/svg>\t\t<\/div>\n\t\t\t\t<div class=\"elementor-shape elementor-shape-bottom\" data-negative=\"true\">\n\t\t\t<svg xmlns=\"http:\/\/www.w3.org\/2000\/svg\" viewBox=\"0 0 1000 100\" preserveAspectRatio=\"none\">\n\t<path class=\"elementor-shape-fill\" d=\"M737.9,94.7L0,0v100h1000V0L737.9,94.7z\"\/>\n<\/svg>\t\t<\/div>\n\t\t\t\t\t<div class=\"elementor-container elementor-column-gap-default\">\n\t\t\t\t\t<div class=\"elementor-column elementor-col-100 elementor-top-column elementor-element elementor-element-a50d80c exad-glass-effect-no exad-sticky-section-no\" data-id=\"a50d80c\" data-element_type=\"column\">\n\t\t\t<div class=\"elementor-widget-wrap elementor-element-populated\">\n\t\t\t\t\t\t\t\t<div class=\"elementor-element elementor-element-ab200eb exad-sticky-section-no exad-glass-effect-no elementor-widget elementor-widget-html\" data-id=\"ab200eb\" data-element_type=\"widget\" data-widget_type=\"html.default\">\n\t\t\t\t<div class=\"elementor-widget-container\">\n\t\t\t<style>\n\n\/*suppression forc\u00e9e header par d\u00e9fault du th\u00e8me fuse*\/\n  #page-header{\n        display: none;\n    }\n    \n    \n\/*integration google font MONTSERRAT*\/\n@import url('https:\/\/fonts.googleapis.com\/css2?family=Montserrat&display=swap');\n\n    #post-nav-next-default {\n        padding: 0px !important;\n    }\n      #post-nav-previous-default {\n        padding: 0px !important;\n    }\n    \n    #post-nav-previous-default h4 {\n        \n    }\n    \n    .wp-post-nav h4 {\n        margin-top: 20px;\n        margin-bottom: 10px;\n        font-family: 'Montserrat', sans-serif;\n         font-size: 26px;\n         font-weight: 600;\n         letter-spacing: 3px;\n    }\n    \n    \n    .post-nav-title {\n         font-family: 'Montserrat', sans-serif;\n         font-size: 19px;\n         font-style: italic;\n         font-weight: 400;\n         letter-spacing: 0px;\n    }\n    \n    @only screen and (max-width: 48em) {\n        \n    .wp-post-nav h4 {\n        font-size: 16px;\n    }\n    \n    }\n<\/style>\n\t\t<\/div>\n\t\t\t\t<\/div>\n\t\t\t\t<div class=\"elementor-element elementor-element-008e366 exad-sticky-section-no exad-glass-effect-no elementor-widget elementor-widget-spacer\" data-id=\"008e366\" data-element_type=\"widget\" data-widget_type=\"spacer.default\">\n\t\t\t\t<div class=\"elementor-widget-container\">\n\t\t\t\t\t<div class=\"elementor-spacer\">\n\t\t\t<div class=\"elementor-spacer-inner\"><\/div>\n\t\t<\/div>\n\t\t\t\t<\/div>\n\t\t\t\t<\/div>\n\t\t\t\t<div class=\"elementor-element elementor-element-8335c03 exad-sticky-section-no exad-glass-effect-no elementor-widget elementor-widget-heading\" data-id=\"8335c03\" data-element_type=\"widget\" data-widget_type=\"heading.default\">\n\t\t\t\t<div class=\"elementor-widget-container\">\n\t\t\t<h2 class=\"elementor-heading-title elementor-size-default\">La Revue du Vin de France - Garance 2017<\/h2>\t\t<\/div>\n\t\t\t\t<\/div>\n\t\t\t\t<div class=\"elementor-element elementor-element-29f0dea7 exad-sticky-section-no exad-glass-effect-no elementor-widget elementor-widget-spacer\" data-id=\"29f0dea7\" data-element_type=\"widget\" data-widget_type=\"spacer.default\">\n\t\t\t\t<div class=\"elementor-widget-container\">\n\t\t\t\t\t<div class=\"elementor-spacer\">\n\t\t\t<div class=\"elementor-spacer-inner\"><\/div>\n\t\t<\/div>\n\t\t\t\t<\/div>\n\t\t\t\t<\/div>\n\t\t\t\t\t<\/div>\n\t\t<\/div>\n\t\t\t\t\t\t\t<\/div>\n\t\t<\/section>\n\t\t\t\t<section data-particle_enable=\"false\" data-particle-mobile-disabled=\"false\" class=\"elementor-section elementor-top-section elementor-element elementor-element-fbf0235 elementor-section-full_width elementor-section-stretched elementor-section-content-middle elementor-section-height-default elementor-section-height-default exad-glass-effect-no exad-sticky-section-no\" data-id=\"fbf0235\" data-element_type=\"section\" data-settings=\"{&quot;stretch_section&quot;:&quot;section-stretched&quot;,&quot;background_background&quot;:&quot;classic&quot;}\">\n\t\t\t\t\t\t\t<div class=\"elementor-background-overlay\"><\/div>\n\t\t\t\t\t\t\t<div class=\"elementor-container elementor-column-gap-default\">\n\t\t\t\t\t<div class=\"elementor-column elementor-col-100 elementor-top-column elementor-element elementor-element-dd73b3b exad-glass-effect-no exad-sticky-section-no\" data-id=\"dd73b3b\" data-element_type=\"column\">\n\t\t\t<div class=\"elementor-widget-wrap elementor-element-populated\">\n\t\t\t\t\t\t\t\t<div class=\"elementor-element elementor-element-388f294 exad-sticky-section-no exad-glass-effect-no elementor-widget elementor-widget-spacer\" data-id=\"388f294\" data-element_type=\"widget\" data-widget_type=\"spacer.default\">\n\t\t\t\t<div class=\"elementor-widget-container\">\n\t\t\t\t\t<div class=\"elementor-spacer\">\n\t\t\t<div class=\"elementor-spacer-inner\"><\/div>\n\t\t<\/div>\n\t\t\t\t<\/div>\n\t\t\t\t<\/div>\n\t\t\t\t<section data-particle_enable=\"false\" data-particle-mobile-disabled=\"false\" class=\"elementor-section elementor-inner-section elementor-element elementor-element-3069361 elementor-section-full_width elementor-section-content-middle elementor-section-height-default elementor-section-height-default exad-glass-effect-no exad-sticky-section-no\" data-id=\"3069361\" data-element_type=\"section\">\n\t\t\t\t\t\t<div class=\"elementor-container elementor-column-gap-default\">\n\t\t\t\t\t<div class=\"elementor-column elementor-col-33 elementor-inner-column elementor-element elementor-element-478591d exad-glass-effect-no exad-sticky-section-no\" data-id=\"478591d\" data-element_type=\"column\">\n\t\t\t<div class=\"elementor-widget-wrap elementor-element-populated\">\n\t\t\t\t\t\t\t\t<div class=\"elementor-element elementor-element-02e0694 animated-slow elementor-widget-divider--view-line exad-sticky-section-no exad-glass-effect-no elementor-invisible elementor-widget elementor-widget-divider\" data-id=\"02e0694\" data-element_type=\"widget\" data-settings=\"{&quot;_animation&quot;:&quot;fadeInDown&quot;,&quot;_animation_delay&quot;:300}\" data-widget_type=\"divider.default\">\n\t\t\t\t<div class=\"elementor-widget-container\">\n\t\t\t\t\t<div class=\"elementor-divider\">\n\t\t\t<span class=\"elementor-divider-separator\">\n\t\t\t\t\t\t<\/span>\n\t\t<\/div>\n\t\t\t\t<\/div>\n\t\t\t\t<\/div>\n\t\t\t\t<div class=\"elementor-element elementor-element-c504f1f animated-slow elementor-widget__width-initial exad-sticky-section-no exad-glass-effect-no elementor-invisible elementor-widget elementor-widget-text-editor\" data-id=\"c504f1f\" data-element_type=\"widget\" data-settings=\"{&quot;_animation&quot;:&quot;fadeInDown&quot;,&quot;_animation_delay&quot;:1200}\" data-widget_type=\"text-editor.default\">\n\t\t\t\t<div class=\"elementor-widget-container\">\n\t\t\t\t\t\t\t<p>MILL\u00c9SIMES 2017 ET 2016 70 cuv\u00e9es pour mieux savourer la diversit\u00e9 des C\u00f4tes-du-Rh\u00f4ne et de leurs villages<\/p>\t\t\t\t\t\t<\/div>\n\t\t\t\t<\/div>\n\t\t\t\t<div class=\"elementor-element elementor-element-260ac78 animated-slow elementor-widget__width-initial exad-sticky-section-no exad-glass-effect-no elementor-invisible elementor-widget elementor-widget-text-editor\" data-id=\"260ac78\" data-element_type=\"widget\" data-settings=\"{&quot;_animation&quot;:&quot;fadeInDown&quot;,&quot;_animation_delay&quot;:600}\" data-widget_type=\"text-editor.default\">\n\t\t\t\t<div class=\"elementor-widget-container\">\n\t\t\t\t\t\t\t<p>Vari\u00e9t\u00e9 des terroirs, des assemblages, des vinifications&#8230; Les C\u00f4tes-du-Rh\u00f4ne offrent un \u00e9ventail de vins aux personnalit\u00e9s tr\u00e8s diff\u00e9rentes et d&rsquo;un rapport qualit\u00e9\/prix rarement \u00e9gal\u00e9. Voici notre s\u00e9lection en 2017 et 2016.<\/p>\t\t\t\t\t\t<\/div>\n\t\t\t\t<\/div>\n\t\t\t\t<div class=\"elementor-element elementor-element-d68c1b4 animated-slow elementor-widget-divider--view-line exad-sticky-section-no exad-glass-effect-no elementor-invisible elementor-widget elementor-widget-divider\" data-id=\"d68c1b4\" data-element_type=\"widget\" data-settings=\"{&quot;_animation&quot;:&quot;fadeInLeft&quot;,&quot;_animation_delay&quot;:600}\" data-widget_type=\"divider.default\">\n\t\t\t\t<div class=\"elementor-widget-container\">\n\t\t\t\t\t<div class=\"elementor-divider\">\n\t\t\t<span class=\"elementor-divider-separator\">\n\t\t\t\t\t\t<\/span>\n\t\t<\/div>\n\t\t\t\t<\/div>\n\t\t\t\t<\/div>\n\t\t\t\t\t<\/div>\n\t\t<\/div>\n\t\t\t\t<div class=\"elementor-column elementor-col-33 elementor-inner-column elementor-element elementor-element-4dac4a2 exad-glass-effect-no exad-sticky-section-no\" data-id=\"4dac4a2\" data-element_type=\"column\">\n\t\t\t<div class=\"elementor-widget-wrap elementor-element-populated\">\n\t\t\t\t\t\t\t\t<div class=\"elementor-element elementor-element-aad9491 animated-slow exad-sticky-section-no exad-glass-effect-no elementor-invisible elementor-widget elementor-widget-image\" data-id=\"aad9491\" data-element_type=\"widget\" data-settings=\"{&quot;_animation&quot;:&quot;fadeIn&quot;}\" data-widget_type=\"image.default\">\n\t\t\t\t<div class=\"elementor-widget-container\">\n\t\t\t\t\t\t\t\t\t\t\t\t\t\t\t<img decoding=\"async\" width=\"751\" height=\"1024\" src=\"http:\/\/www.label-horizon.fr\/cabotte-test\/wordpress\/wp-content\/uploads\/2021\/04\/montage-gamme-garance-reflet-751x1024.png\" class=\"attachment-large size-large\" alt=\"\" srcset=\"http:\/\/www.label-horizon.fr\/cabotte-test\/wordpress\/wp-content\/uploads\/2021\/04\/montage-gamme-garance-reflet-751x1024.png 751w, http:\/\/www.label-horizon.fr\/cabotte-test\/wordpress\/wp-content\/uploads\/2021\/04\/montage-gamme-garance-reflet-220x300.png 220w, http:\/\/www.label-horizon.fr\/cabotte-test\/wordpress\/wp-content\/uploads\/2021\/04\/montage-gamme-garance-reflet-768x1047.png 768w, http:\/\/www.label-horizon.fr\/cabotte-test\/wordpress\/wp-content\/uploads\/2021\/04\/montage-gamme-garance-reflet-480x655.png 480w, http:\/\/www.label-horizon.fr\/cabotte-test\/wordpress\/wp-content\/uploads\/2021\/04\/montage-gamme-garance-reflet.png 880w\" sizes=\"(max-width: 751px) 100vw, 751px\" \/>\t\t\t\t\t\t\t\t\t\t\t\t\t\t\t<\/div>\n\t\t\t\t<\/div>\n\t\t\t\t\t<\/div>\n\t\t<\/div>\n\t\t\t\t<div class=\"elementor-column elementor-col-33 elementor-inner-column elementor-element elementor-element-6d2d42d exad-glass-effect-no exad-sticky-section-no\" data-id=\"6d2d42d\" data-element_type=\"column\">\n\t\t\t<div class=\"elementor-widget-wrap elementor-element-populated\">\n\t\t\t\t\t\t\t\t<div class=\"elementor-element elementor-element-2a8dc574 animated-slow exad-sticky-section-no exad-glass-effect-no elementor-invisible elementor-widget elementor-widget-text-editor\" data-id=\"2a8dc574\" data-element_type=\"widget\" data-settings=\"{&quot;_animation&quot;:&quot;fadeInDown&quot;,&quot;_animation_delay&quot;:1200}\" data-widget_type=\"text-editor.default\">\n\t\t\t\t<div class=\"elementor-widget-container\">\n\t\t\t\t\t\t\t<p>13,5-14\/20<\/p>\t\t\t\t\t\t<\/div>\n\t\t\t\t<\/div>\n\t\t\t\t<div class=\"elementor-element elementor-element-2ced63e animated-slow elementor-widget__width-initial exad-sticky-section-no exad-glass-effect-no elementor-invisible elementor-widget elementor-widget-text-editor\" data-id=\"2ced63e\" data-element_type=\"widget\" data-settings=\"{&quot;_animation&quot;:&quot;fadeInDown&quot;,&quot;_animation_delay&quot;:600}\" data-widget_type=\"text-editor.default\">\n\t\t\t\t<div class=\"elementor-widget-container\">\n\t\t\t\t\t\t\t<p><em>DOMAINE LA CABOTTE<\/em><br \/><strong>Massif d&rsquo;Uchaux Garance 2017<\/strong><\/p><p>De couleur sombre, cette cuv\u00e9e affiche une mati\u00e8re dense avec des tanins puissants, peu nuanc\u00e9s \u00e0 ce stade mais avec un joli fruit croquant. Un vin qui a de la s\u00e8ve mais tenu par une main de fer. Patience.<\/p><p><em>Bouteilles \/ an : 20 000<\/em><\/p>\t\t\t\t\t\t<\/div>\n\t\t\t\t<\/div>\n\t\t\t\t<div class=\"elementor-element elementor-element-65f1c97 animated-slow exad-sticky-section-no exad-glass-effect-no elementor-invisible elementor-widget elementor-widget-testimonial\" data-id=\"65f1c97\" data-element_type=\"widget\" data-settings=\"{&quot;_animation&quot;:&quot;fadeInUp&quot;,&quot;_animation_delay&quot;:800}\" data-widget_type=\"testimonial.default\">\n\t\t\t\t<div class=\"elementor-widget-container\">\n\t\t\t\t\t<div class=\"elementor-testimonial-wrapper\">\n\t\t\t\n\t\t\t\t\t\t<div class=\"elementor-testimonial-meta elementor-has-image elementor-testimonial-image-position-aside\">\n\t\t\t\t<div class=\"elementor-testimonial-meta-inner\">\n\t\t\t\t\t\t\t\t\t\t\t<div class=\"elementor-testimonial-image\">\n\t\t\t\t\t\t\t<img decoding=\"async\" src=\"http:\/\/www.label-horizon.fr\/cabotte-test\/wordpress\/wp-content\/uploads\/elementor\/thumbs\/ecusson-famille-Plumet-dArdhuy-noir-blanc-r8e0tp3hamqq5dqhpdsn74j3xhaif1q69vmhucavn4.png\" title=\"ecusson-famille-Plumet-d&rsquo;Ardhuy-noir-blanc\" alt=\"ecusson-famille-Plumet-d'Ardhuy-noir-blanc\" \/>\t\t\t\t\t\t<\/div>\n\t\t\t\t\t\n\t\t\t\t\t\t\t\t\t\t<div class=\"elementor-testimonial-details\">\n\t\t\t\t\t\t\t\t\t\t\t\t\t\t<div class=\"elementor-testimonial-name\">Domaine de la Cabotte<\/div>\n\t\t\t\t\t\t\t\t\t\t\t\t\t\t\t\t\t\t\t\t\t\t<div class=\"elementor-testimonial-job\">Marie-Pierre, Eric & Etienne Plumet<\/div>\n\t\t\t\t\t\t\t\t\t\t\t\t\t<\/div>\n\t\t\t\t\t\t\t\t\t<\/div>\n\t\t\t<\/div>\n\t\t\t\t\t<\/div>\n\t\t\t\t<\/div>\n\t\t\t\t<\/div>\n\t\t\t\t\t<\/div>\n\t\t<\/div>\n\t\t\t\t\t\t\t<\/div>\n\t\t<\/section>\n\t\t\t\t<section data-particle_enable=\"false\" data-particle-mobile-disabled=\"false\" class=\"elementor-section elementor-inner-section elementor-element elementor-element-d428586 elementor-section-boxed elementor-section-height-default elementor-section-height-default exad-glass-effect-no exad-sticky-section-no\" data-id=\"d428586\" data-element_type=\"section\">\n\t\t\t\t\t\t<div class=\"elementor-container elementor-column-gap-default\">\n\t\t\t\t\t<div class=\"elementor-column elementor-col-100 elementor-inner-column elementor-element elementor-element-61e59dc exad-glass-effect-no exad-sticky-section-no\" data-id=\"61e59dc\" data-element_type=\"column\">\n\t\t\t<div class=\"elementor-widget-wrap elementor-element-populated\">\n\t\t\t\t\t\t\t\t<div class=\"elementor-element elementor-element-bb6d4fc gallery-spacing-custom animated-slow exad-sticky-section-no exad-glass-effect-no elementor-invisible elementor-widget elementor-widget-image-gallery\" data-id=\"bb6d4fc\" data-element_type=\"widget\" data-settings=\"{&quot;_animation&quot;:&quot;fadeInUp&quot;}\" data-widget_type=\"image-gallery.default\">\n\t\t\t\t<div class=\"elementor-widget-container\">\n\t\t\t\t\t<div class=\"elementor-image-gallery\">\n\t\t\t<div id='gallery-1' class='gallery galleryid-365 gallery-columns-4 gallery-size-nfw_post_size4'><figure class='gallery-item'>\n\t\t\t<div class='gallery-icon portrait'>\n\t\t\t\t<a data-elementor-open-lightbox=\"yes\" data-elementor-lightbox-slideshow=\"bb6d4fc\" data-elementor-lightbox-title=\"bout-garance-tonneau\" href='http:\/\/www.label-horizon.fr\/cabotte-test\/wordpress\/wp-content\/uploads\/2021\/03\/bout-garance-tonneau.jpg'><img decoding=\"async\" width=\"360\" height=\"215\" src=\"http:\/\/www.label-horizon.fr\/cabotte-test\/wordpress\/wp-content\/uploads\/2021\/03\/bout-garance-tonneau-360x215.jpg\" class=\"attachment-nfw_post_size4 size-nfw_post_size4\" alt=\"\" srcset=\"http:\/\/www.label-horizon.fr\/cabotte-test\/wordpress\/wp-content\/uploads\/2021\/03\/bout-garance-tonneau-360x215.jpg 360w, http:\/\/www.label-horizon.fr\/cabotte-test\/wordpress\/wp-content\/uploads\/2021\/03\/bout-garance-tonneau-555x330.jpg 555w\" sizes=\"(max-width: 360px) 100vw, 360px\" \/><\/a>\n\t\t\t<\/div><\/figure><figure class='gallery-item'>\n\t\t\t<div class='gallery-icon portrait'>\n\t\t\t\t<a data-elementor-open-lightbox=\"yes\" data-elementor-lightbox-slideshow=\"bb6d4fc\" data-elementor-lightbox-title=\"cave-garance\" href='http:\/\/www.label-horizon.fr\/cabotte-test\/wordpress\/wp-content\/uploads\/2021\/03\/cave-garance.jpg'><img decoding=\"async\" width=\"360\" height=\"215\" src=\"http:\/\/www.label-horizon.fr\/cabotte-test\/wordpress\/wp-content\/uploads\/2021\/03\/cave-garance-360x215.jpg\" class=\"attachment-nfw_post_size4 size-nfw_post_size4\" alt=\"\" srcset=\"http:\/\/www.label-horizon.fr\/cabotte-test\/wordpress\/wp-content\/uploads\/2021\/03\/cave-garance-360x215.jpg 360w, http:\/\/www.label-horizon.fr\/cabotte-test\/wordpress\/wp-content\/uploads\/2021\/03\/cave-garance-555x330.jpg 555w\" sizes=\"(max-width: 360px) 100vw, 360px\" \/><\/a>\n\t\t\t<\/div><\/figure><figure class='gallery-item'>\n\t\t\t<div class='gallery-icon landscape'>\n\t\t\t\t<a data-elementor-open-lightbox=\"yes\" data-elementor-lightbox-slideshow=\"bb6d4fc\" data-elementor-lightbox-title=\"Garance-bouchons\" href='http:\/\/www.label-horizon.fr\/cabotte-test\/wordpress\/wp-content\/uploads\/2021\/03\/Garance-bouchons.jpg'><img decoding=\"async\" width=\"360\" height=\"215\" src=\"http:\/\/www.label-horizon.fr\/cabotte-test\/wordpress\/wp-content\/uploads\/2021\/03\/Garance-bouchons-360x215.jpg\" class=\"attachment-nfw_post_size4 size-nfw_post_size4\" alt=\"\" srcset=\"http:\/\/www.label-horizon.fr\/cabotte-test\/wordpress\/wp-content\/uploads\/2021\/03\/Garance-bouchons-360x215.jpg 360w, http:\/\/www.label-horizon.fr\/cabotte-test\/wordpress\/wp-content\/uploads\/2021\/03\/Garance-bouchons-555x330.jpg 555w\" sizes=\"(max-width: 360px) 100vw, 360px\" \/><\/a>\n\t\t\t<\/div><\/figure><figure class='gallery-item'>\n\t\t\t<div class='gallery-icon portrait'>\n\t\t\t\t<a data-elementor-open-lightbox=\"yes\" data-elementor-lightbox-slideshow=\"bb6d4fc\" data-elementor-lightbox-title=\"montage-gamme-garance-reflet\" href='http:\/\/www.label-horizon.fr\/cabotte-test\/wordpress\/wp-content\/uploads\/2017\/03\/montage-gamme-garance-reflet.jpg'><img decoding=\"async\" width=\"360\" height=\"215\" src=\"http:\/\/www.label-horizon.fr\/cabotte-test\/wordpress\/wp-content\/uploads\/2017\/03\/montage-gamme-garance-reflet-360x215.jpg\" class=\"attachment-nfw_post_size4 size-nfw_post_size4\" alt=\"\" srcset=\"http:\/\/www.label-horizon.fr\/cabotte-test\/wordpress\/wp-content\/uploads\/2017\/03\/montage-gamme-garance-reflet-360x215.jpg 360w, http:\/\/www.label-horizon.fr\/cabotte-test\/wordpress\/wp-content\/uploads\/2017\/03\/montage-gamme-garance-reflet-555x330.jpg 555w\" sizes=\"(max-width: 360px) 100vw, 360px\" \/><\/a>\n\t\t\t<\/div><\/figure>\n\t\t<\/div>\n\t\t<\/div>\n\t\t\t\t<\/div>\n\t\t\t\t<\/div>\n\t\t\t\t\t<\/div>\n\t\t<\/div>\n\t\t\t\t\t\t\t<\/div>\n\t\t<\/section>\n\t\t\t\t\t<\/div>\n\t\t<\/div>\n\t\t\t\t\t\t\t<\/div>\n\t\t<\/section>\n\t\t\t\t<section data-particle_enable=\"false\" data-particle-mobile-disabled=\"false\" class=\"elementor-section elementor-top-section elementor-element elementor-element-7a19cfe elementor-hidden-desktop elementor-hidden-tablet elementor-hidden-phone elementor-section-boxed elementor-section-height-default elementor-section-height-default exad-glass-effect-no exad-sticky-section-no\" data-id=\"7a19cfe\" data-element_type=\"section\">\n\t\t\t\t\t\t<div class=\"elementor-container elementor-column-gap-default\">\n\t\t\t\t\t<div class=\"elementor-column elementor-col-100 elementor-top-column elementor-element elementor-element-61f8d44 exad-glass-effect-no exad-sticky-section-no\" data-id=\"61f8d44\" data-element_type=\"column\">\n\t\t\t<div class=\"elementor-widget-wrap elementor-element-populated\">\n\t\t\t\t\t\t\t\t<div class=\"elementor-element elementor-element-301186a exad-sticky-section-no exad-glass-effect-no elementor-widget elementor-widget-eael-post-timeline\" data-id=\"301186a\" data-element_type=\"widget\" data-widget_type=\"eael-post-timeline.default\">\n\t\t\t\t<div class=\"elementor-widget-container\">\n\t\t\t<div id=\"eael-post-timeline-301186a\" class=\"eael-post-timeline\">\n            <div class=\"eael-post-timeline eael-post-appender eael-post-appender-301186a\"><article class=\"eael-timeline-post eael-timeline-column\">\n    <div class=\"eael-timeline-bullet\"><\/div>\n    <div class=\"eael-timeline-post-inner\">\n        <a class=\"eael-timeline-post-link\" href=\"http:\/\/www.label-horizon.fr\/cabotte-test\/wordpress\/2019\/09\/26\/revue-a-table-2019\/\" title=\"Article magazine \u00ab\u00a0\u00e0 table\u00a0\u00bb juin-ao\u00fbt 2019\">\n            <time datetime=\"26 septembre 2019\">26 septembre 2019<\/time>\n            <div class=\"eael-timeline-post-image attachment-medium size-medium\" style=\"background-image: url(http:\/\/www.label-horizon.fr\/cabotte-test\/wordpress\/wp-content\/uploads\/2021\/03\/a-table-juin-aout-2019-bandeau-300x244.jpg);\"><\/div><div class=\"eael-timeline-post-excerpt\"><p>Avec son mari Eric, la Bourguignonne Marie-Pierre Plumet bichonne 27...<\/p><\/div><div class=\"eael-timeline-post-title\">\n                    <h2>Article magazine \u00ab\u00a0\u00e0 table\u00a0\u00bb juin-ao\u00fbt 2019<\/h2>\n                <\/div><\/a>\n    <\/div>\n<\/article><article class=\"eael-timeline-post eael-timeline-column\">\n    <div class=\"eael-timeline-bullet\"><\/div>\n    <div class=\"eael-timeline-post-inner\">\n        <a class=\"eael-timeline-post-link\" href=\"http:\/\/www.label-horizon.fr\/cabotte-test\/wordpress\/2019\/03\/23\/in-vinos-veritas-cuvee-colline-2017\/\" title=\"In vinos veritas &#8211; Cuv\u00e9e Colline 2017\">\n            <time datetime=\"23 mars 2019\">23 mars 2019<\/time>\n            <div class=\"eael-timeline-post-image attachment-medium size-medium\" style=\"background-image: url(http:\/\/www.label-horizon.fr\/cabotte-test\/wordpress\/wp-content\/uploads\/2019\/03\/blqnc-colline-pousse-vigne-300x215.jpg);\"><\/div><div class=\"eael-timeline-post-excerpt\"><p>Ce C\u00f4tes-du-Rh\u00f4ne blanc et ce C\u00f4tes-du-Rh\u00f4ne-Villages rouge prouvent que la...<\/p><\/div><div class=\"eael-timeline-post-title\">\n                    <h2>In vinos veritas &#8211; Cuv\u00e9e Colline 2017<\/h2>\n                <\/div><\/a>\n    <\/div>\n<\/article><article class=\"eael-timeline-post eael-timeline-column\">\n    <div class=\"eael-timeline-bullet\"><\/div>\n    <div class=\"eael-timeline-post-inner\">\n        <a class=\"eael-timeline-post-link\" href=\"http:\/\/www.label-horizon.fr\/cabotte-test\/wordpress\/2019\/01\/15\/challenge-millesime-bio-2019\/\" title=\"Challenge Mill\u00e9sime Bio 2019\">\n            <time datetime=\"15 janvier 2019\">15 janvier 2019<\/time>\n            <div class=\"eael-timeline-post-image attachment-medium size-medium\" style=\"background-image: url(http:\/\/www.label-horizon.fr\/cabotte-test\/wordpress\/wp-content\/uploads\/2021\/04\/galet-chateauneuf-retouch-200x300.jpg);\"><\/div><div class=\"eael-timeline-post-excerpt\"><p>M\u00e9daille d'Or pour le Domaine La Cabotte et son rouge...<\/p><\/div><div class=\"eael-timeline-post-title\">\n                    <h2>Challenge Mill\u00e9sime Bio 2019<\/h2>\n                <\/div><\/a>\n    <\/div>\n<\/article><article class=\"eael-timeline-post eael-timeline-column\">\n    <div class=\"eael-timeline-bullet\"><\/div>\n    <div class=\"eael-timeline-post-inner\">\n        <a class=\"eael-timeline-post-link\" href=\"http:\/\/www.label-horizon.fr\/cabotte-test\/wordpress\/2018\/01\/17\/millesime-bio-2017\/\" title=\"Challenge Mill\u00e9sime Bio 2018\">\n            <time datetime=\"17 janvier 2018\">17 janvier 2018<\/time>\n            <div class=\"eael-timeline-post-image attachment-medium size-medium\" style=\"background-image: url(http:\/\/www.label-horizon.fr\/cabotte-test\/wordpress\/wp-content\/uploads\/2021\/04\/grappe-rouge-bouteille-chateauneuf-300x199.jpg);\"><\/div><div class=\"eael-timeline-post-excerpt\"><p>M\u00e9daille d'Or pour le Domaine La Cabotte et son rouge...<\/p><\/div><div class=\"eael-timeline-post-title\">\n                    <h2>Challenge Mill\u00e9sime Bio 2018<\/h2>\n                <\/div><\/a>\n    <\/div>\n<\/article><\/div>\n\t\t<\/div>            <div class=\"eael-load-more-button-wrap\">\n                <button class=\"eael-load-more-button\" id=\"eael-load-more-btn-301186a\" data-widget-id=\"301186a\" data-widget=\"301186a\" data-page-id=\"365\" data-nonce=\"f8c1cb017d\" data-template=\"{&quot;dir&quot;:&quot;lite&quot;,&quot;file_name&quot;:&quot;default.php&quot;,&quot;name&quot;:&quot;Post-Timeline&quot;}\" data-class=\"Essential_Addons_Elementor\\Elements\\Post_Timeline\" data-layout=\"\" data-page=\"1\" data-args=\"orderby=date&amp;order=desc&amp;ignore_sticky_posts=1&amp;post_status=publish&amp;posts_per_page=4&amp;offset=0&amp;post_type=post\" data-max-page=\"3\">\n                    <div class=\"eael-btn-loader button__loader\"><\/div>\n                    <span>Load More<\/span>\n                <\/button>\n            <\/div>\n        \t\t<\/div>\n\t\t\t\t<\/div>\n\t\t\t\t\t<\/div>\n\t\t<\/div>\n\t\t\t\t\t\t\t<\/div>\n\t\t<\/section>\n\t\t\t\t\t\t<\/div>\n\t\t\t\t\t<\/div>\n\t\t","protected":false},"excerpt":{"rendered":"<p>Venez d\u00e9couvrir la s\u00e9lections des meilleurs vins de l&rsquo;ann\u00e9e, issues du terroir du Massif d&rsquo;Uchaux.<\/p>\n","protected":false},"author":1,"featured_media":671,"comment_status":"closed","ping_status":"closed","sticky":false,"template":"","format":"standard","meta":{"spay_email":"","footnotes":""},"categories":[26,25],"tags":[],"class_list":["post-365","post","type-post","status-publish","format-standard","has-post-thumbnail","hentry","category-presse","category-recompences"],"jetpack_featured_media_url":"http:\/\/www.label-horizon.fr\/cabotte-test\/wordpress\/wp-content\/uploads\/2021\/03\/revue-vin-de-france.jpg","_links":{"self":[{"href":"http:\/\/www.label-horizon.fr\/cabotte-test\/wordpress\/wp-json\/wp\/v2\/posts\/365","targetHints":{"allow":["GET"]}}],"collection":[{"href":"http:\/\/www.label-horizon.fr\/cabotte-test\/wordpress\/wp-json\/wp\/v2\/posts"}],"about":[{"href":"http:\/\/www.label-horizon.fr\/cabotte-test\/wordpress\/wp-json\/wp\/v2\/types\/post"}],"author":[{"embeddable":true,"href":"http:\/\/www.label-horizon.fr\/cabotte-test\/wordpress\/wp-json\/wp\/v2\/users\/1"}],"replies":[{"embeddable":true,"href":"http:\/\/www.label-horizon.fr\/cabotte-test\/wordpress\/wp-json\/wp\/v2\/comments?post=365"}],"version-history":[{"count":0,"href":"http:\/\/www.label-horizon.fr\/cabotte-test\/wordpress\/wp-json\/wp\/v2\/posts\/365\/revisions"}],"wp:featuredmedia":[{"embeddable":true,"href":"http:\/\/www.label-horizon.fr\/cabotte-test\/wordpress\/wp-json\/wp\/v2\/media\/671"}],"wp:attachment":[{"href":"http:\/\/www.label-horizon.fr\/cabotte-test\/wordpress\/wp-json\/wp\/v2\/media?parent=365"}],"wp:term":[{"taxonomy":"category","embeddable":true,"href":"http:\/\/www.label-horizon.fr\/cabotte-test\/wordpress\/wp-json\/wp\/v2\/categories?post=365"},{"taxonomy":"post_tag","embeddable":true,"href":"http:\/\/www.label-horizon.fr\/cabotte-test\/wordpress\/wp-json\/wp\/v2\/tags?post=365"}],"curies":[{"name":"wp","href":"https:\/\/api.w.org\/{rel}","templated":true}]}}